{"id":20339,"date":"2025-01-20T15:05:30","date_gmt":"2025-01-20T15:05:30","guid":{"rendered":"https:\/\/adramozambique.org\/?p=20339"},"modified":"2025-12-10T12:00:25","modified_gmt":"2025-12-10T12:00:25","slug":"realizacoes-do-wilipihera-que-nos-enchem-de-orgulho","status":"publish","type":"post","link":"https:\/\/adramozambique.org\/en\/realizacoes-do-wilipihera-que-nos-enchem-de-orgulho\/","title":{"rendered":"WILIPIHERA'S ACHIEVEMENTS MAKE US PROUD!"},"content":{"rendered":"\t\t<div data-elementor-type=\"wp-post\" data-elementor-id=\"20339\" class=\"elementor elementor-20339\" data-elementor-post-type=\"post\">\n\t\t\t\t\t\t<section class=\"elementor-section elementor-top-section elementor-element elementor-element-d9c5dd9 elementor-section-boxed elementor-section-height-default elementor-section-height-default\" data-id=\"d9c5dd9\" data-element_type=\"section\" data-e-type=\"section\">\n\t\t\t\t\t\t<div class=\"elementor-container elementor-column-gap-default\">\n\t\t\t\t\t<div class=\"elementor-column elementor-col-100 elementor-top-column elementor-element elementor-element-e35530e\" data-id=\"e35530e\" data-element_type=\"column\" data-e-type=\"column\">\n\t\t\t<div class=\"elementor-widget-wrap elementor-element-populated\">\n\t\t\t\t\t\t<div class=\"elementor-element elementor-element-b42a14f elementor-widget elementor-widget-heading\" data-id=\"b42a14f\" data-element_type=\"widget\" data-e-type=\"widget\" data-widget_type=\"heading.default\">\n\t\t\t\t<div class=\"elementor-widget-container\">\n\t\t\t\t\t<h2 class=\"elementor-heading-title elementor-size-default\">REALIZA\u00c7\u00d5ES DO WILIPIHERA QUE NOS ENCHEM DE ORGULHO!<\/h2>\t\t\t\t<\/div>\n\t\t\t\t<\/div>\n\t\t\t\t\t<\/div>\n\t\t<\/div>\n\t\t\t\t\t<\/div>\n\t\t<\/section>\n\t\t\t\t<section class=\"elementor-section elementor-top-section elementor-element elementor-element-2701afd elementor-section-boxed elementor-section-height-default elementor-section-height-default\" data-id=\"2701afd\" data-element_type=\"section\" data-e-type=\"section\">\n\t\t\t\t\t\t<div class=\"elementor-container elementor-column-gap-default\">\n\t\t\t\t\t<div class=\"elementor-column elementor-col-50 elementor-top-column elementor-element elementor-element-95d5d61\" data-id=\"95d5d61\" data-element_type=\"column\" data-e-type=\"column\">\n\t\t\t<div class=\"elementor-widget-wrap elementor-element-populated\">\n\t\t\t\t\t\t<div class=\"elementor-element elementor-element-234efc9 elementor-widget elementor-widget-heading\" data-id=\"234efc9\" data-element_type=\"widget\" data-e-type=\"widget\" data-widget_type=\"heading.default\">\n\t\t\t\t<div class=\"elementor-widget-container\">\n\t\t\t\t\t<h2 class=\"elementor-heading-title elementor-size-default\"><p style=\"text-align:justify;line-height:150%\"><span style=\"font-size:12.0pt;line-height:150%;,serif\">\u00c0 luz das abordagens de Adapta\u00e7\u00e3o Baseada em Ecossistemas e Solu\u00e7\u00f5es Baseadas na Natureza, a equipa de implementa\u00e7\u00e3o do Wilipihera est\u00e1 a integrar a agricultura de conserva\u00e7\u00e3o para apoiar a adapta\u00e7\u00e3o das comunidades \u00e0s mudan\u00e7as clim\u00e1ticas.<\/span><\/p><br><br><br><br><br><br><br><br><br><br><br><br><br><br><br><br><br><br><br><br><br><p style=\"text-align:justify;line-height:150%\"><span style=\"font-size:12.0pt;line-height:150%;,serif\">A abordagem utilizada no projecto \u00e9 a Escola na Machamba do Campon\u00eas (EMC). Trata-se de uma escola aberta, composta por 25 a 30 agricultores que se re\u00fanem para aprender como melhorar a produ\u00e7\u00e3o nas suas machambas. Com o apoio de t\u00e9cnicos de campo, os agricultores aprendem t\u00e9cnicas de agricultura de conserva\u00e7\u00e3o, bem como a produ\u00e7\u00e3o e utiliza\u00e7\u00e3o de compostos org\u00e2nicos.<\/span><\/p><br><br><br><br><br><br><br><br><br><br><br><br><br><br><br><br><br><br><br><br><br><br><br><p style=\"text-align:justify;line-height:150%\"><span style=\"font-size:12.0pt;line-height:150%;,serif\">As principais t\u00e9cnicas de agricultura de conserva\u00e7\u00e3o que est\u00e3o a ser aplicadas incluem: prepara\u00e7\u00e3o do solo, cobertura morta, compostos org\u00e2nicos, gest\u00e3o integrada de pragas e espa\u00e7amento durante a planta\u00e7\u00e3o. Est\u00e1 em curso a prepara\u00e7\u00e3o para treinos sobre culturas consorciadas, a incluir nas culturas de ver\u00e3o, e mobiliza\u00e7\u00e3o m\u00ednima do solo. Estas t\u00e9cnicas s\u00e3o extremamente \u00fateis no contexto das mudan\u00e7as clim\u00e1ticas. Por exemplo, a t\u00e9cnica de cobertura morta permite que o solo conserve a humidade, reduzindo assim a elevada press\u00e3o sobre o uso da \u00e1gua.<\/span><span style=\"color: var( --e-global-color-primary );font-size: 2rem;font-weight: var( --e-global-typography-primary-font-weight );text-align: left\"><\/span><\/p><\/h2>\t\t\t\t<\/div>\n\t\t\t\t<\/div>\n\t\t\t\t<div class=\"elementor-element elementor-element-2f72105 elementor-widget elementor-widget-image\" data-id=\"2f72105\" data-element_type=\"widget\" data-e-type=\"widget\" data-widget_type=\"image.default\">\n\t\t\t\t<div class=\"elementor-widget-container\">\n\t\t\t\t\t\t\t\t\t\t\t\t\t\t\t<img fetchpriority=\"high\" decoding=\"async\" width=\"800\" height=\"600\" src=\"https:\/\/adramozambique.org\/wp-content\/uploads\/2025\/01\/4-1024x768.jpg\" class=\"attachment-large size-large wp-image-20331\" alt=\"\" srcset=\"https:\/\/adramozambique.org\/wp-content\/uploads\/2025\/01\/4-1024x768.jpg 1024w, https:\/\/adramozambique.org\/wp-content\/uploads\/2025\/01\/4-300x225.jpg 300w, https:\/\/adramozambique.org\/wp-content\/uploads\/2025\/01\/4-768x576.jpg 768w, https:\/\/adramozambique.org\/wp-content\/uploads\/2025\/01\/4-1000x750.jpg 1000w, https:\/\/adramozambique.org\/wp-content\/uploads\/2025\/01\/4.jpg 1280w\" sizes=\"(max-width: 800px) 100vw, 800px\" \/>\t\t\t\t\t\t\t\t\t\t\t\t\t\t\t<\/div>\n\t\t\t\t<\/div>\n\t\t\t\t\t<\/div>\n\t\t<\/div>\n\t\t\t\t<div class=\"elementor-column elementor-col-50 elementor-top-column elementor-element elementor-element-c645e7d\" data-id=\"c645e7d\" data-element_type=\"column\" data-e-type=\"column\">\n\t\t\t<div class=\"elementor-widget-wrap elementor-element-populated\">\n\t\t\t\t\t\t<div class=\"elementor-element elementor-element-eef9849 elementor-widget elementor-widget-image\" data-id=\"eef9849\" data-element_type=\"widget\" data-e-type=\"widget\" data-widget_type=\"image.default\">\n\t\t\t\t<div class=\"elementor-widget-container\">\n\t\t\t\t\t\t\t\t\t\t\t\t\t\t\t<img decoding=\"async\" width=\"800\" height=\"602\" src=\"https:\/\/adramozambique.org\/wp-content\/uploads\/2025\/01\/3-1024x771.jpg\" class=\"attachment-large size-large wp-image-20330\" alt=\"\" srcset=\"https:\/\/adramozambique.org\/wp-content\/uploads\/2025\/01\/3-1024x771.jpg 1024w, https:\/\/adramozambique.org\/wp-content\/uploads\/2025\/01\/3-300x226.jpg 300w, https:\/\/adramozambique.org\/wp-content\/uploads\/2025\/01\/3-768x578.jpg 768w, https:\/\/adramozambique.org\/wp-content\/uploads\/2025\/01\/3-1536x1156.jpg 1536w, https:\/\/adramozambique.org\/wp-content\/uploads\/2025\/01\/3.jpg 1600w\" sizes=\"(max-width: 800px) 100vw, 800px\" \/>\t\t\t\t\t\t\t\t\t\t\t\t\t\t\t<\/div>\n\t\t\t\t<\/div>\n\t\t\t\t<div class=\"elementor-element elementor-element-dc32148 elementor-widget elementor-widget-heading\" data-id=\"dc32148\" data-element_type=\"widget\" data-e-type=\"widget\" data-widget_type=\"heading.default\">\n\t\t\t\t<div class=\"elementor-widget-container\">\n\t\t\t\t\t<h2 class=\"elementor-heading-title elementor-size-default\"><p style=\"text-align:justify;line-height:150%\"><b><span style=\"font-size:12.0pt;line-height:150%;,serif\">Resultados alcan\u00e7ados:<\/span><\/b><\/p><ul type=\"disc\"><li style=\"text-align:justify;line-height:150%\"><span style=\"font-size:12.0pt;line-height:150%;,serif\">Foram estabelecidas 95 Escolas na Machamba do Campon\u00eas nos distritos de Memba, Nacala-Porto, Ilha de Mo\u00e7ambique e Mogincual.<\/span><\/li><li style=\"text-align:justify;line-height:150%\"><span style=\"font-size:12.0pt;line-height:150%;,serif\">Estas EMCs t\u00eam-se dedicado \u00e0 horticultura, cultivando produtos como cebolas, couve, tomate, entre outros.<\/span><\/li><li style=\"text-align:justify;line-height:150%\"><span style=\"font-size:12.0pt;line-height:150%;,serif\">De um total de 3.300 agricultores-alvo, foram seleccionados e est\u00e3o a ser trabalhados 3.106 benefici\u00e1rios, dos quais 1.185 s\u00e3o homens e 1.921 mulheres.<\/span><\/li><\/ul><p style=\"text-align:justify;line-height:150%\"><span style=\"font-size:12.0pt;line-height:150%;,serif\">\u00c0 medida que o processo de colheita avan\u00e7a, parte das colheitas \u00e9 destinada ao consumo e outra parte \u00e0 venda.<\/span><\/p><p style=\"text-align:justify;line-height:150%\"><span style=\"font-size:12.0pt;line-height:150%;,serif\">O empenho e dedica\u00e7\u00e3o dos participantes no projecto enchem-nos de grande orgulho!<\/span><span style=\"color: var( --e-global-color-primary );font-size: 2rem;font-weight: var( --e-global-typography-primary-font-weight );text-align: left\"><\/span><\/p><\/h2>\t\t\t\t<\/div>\n\t\t\t\t<\/div>\n\t\t\t\t<div class=\"elementor-element elementor-element-ab9ebd7 elementor-widget elementor-widget-image\" data-id=\"ab9ebd7\" data-element_type=\"widget\" data-e-type=\"widget\" data-widget_type=\"image.default\">\n\t\t\t\t<div class=\"elementor-widget-container\">\n\t\t\t\t\t\t\t\t\t\t\t\t\t\t\t<img decoding=\"async\" width=\"800\" height=\"602\" src=\"https:\/\/adramozambique.org\/wp-content\/uploads\/2025\/01\/5.jpg\" class=\"attachment-large size-large wp-image-20332\" alt=\"\" srcset=\"https:\/\/adramozambique.org\/wp-content\/uploads\/2025\/01\/5.jpg 857w, https:\/\/adramozambique.org\/wp-content\/uploads\/2025\/01\/5-300x226.jpg 300w, https:\/\/adramozambique.org\/wp-content\/uploads\/2025\/01\/5-768x578.jpg 768w\" sizes=\"(max-width: 800px) 100vw, 800px\" \/>\t\t\t\t\t\t\t\t\t\t\t\t\t\t\t<\/div>\n\t\t\t\t<\/div>\n\t\t\t\t\t<\/div>\n\t\t<\/div>\n\t\t\t\t\t<\/div>\n\t\t<\/section>\n\t\t\t\t<section class=\"elementor-section elementor-top-section elementor-element elementor-element-f9a4ad9 elementor-section-boxed elementor-section-height-default elementor-section-height-default\" data-id=\"f9a4ad9\" data-element_type=\"section\" data-e-type=\"section\">\n\t\t\t\t\t\t<div class=\"elementor-container elementor-column-gap-default\">\n\t\t\t\t\t<div class=\"elementor-column elementor-col-50 elementor-top-column elementor-element elementor-element-5fd0ad4\" data-id=\"5fd0ad4\" data-element_type=\"column\" data-e-type=\"column\">\n\t\t\t<div class=\"elementor-widget-wrap elementor-element-populated\">\n\t\t\t\t\t\t<div class=\"elementor-element elementor-element-6ccd42a elementor-widget elementor-widget-image\" data-id=\"6ccd42a\" data-element_type=\"widget\" data-e-type=\"widget\" data-widget_type=\"image.default\">\n\t\t\t\t<div class=\"elementor-widget-container\">\n\t\t\t\t\t\t\t\t\t\t\t\t\t\t\t<img loading=\"lazy\" decoding=\"async\" width=\"800\" height=\"533\" src=\"https:\/\/adramozambique.org\/wp-content\/uploads\/2025\/01\/6.png\" class=\"attachment-large size-large wp-image-20340\" alt=\"\" srcset=\"https:\/\/adramozambique.org\/wp-content\/uploads\/2025\/01\/6.png 891w, https:\/\/adramozambique.org\/wp-content\/uploads\/2025\/01\/6-300x200.png 300w, https:\/\/adramozambique.org\/wp-content\/uploads\/2025\/01\/6-768x512.png 768w\" sizes=\"(max-width: 800px) 100vw, 800px\" \/>\t\t\t\t\t\t\t\t\t\t\t\t\t\t\t<\/div>\n\t\t\t\t<\/div>\n\t\t\t\t\t<\/div>\n\t\t<\/div>\n\t\t\t\t<div class=\"elementor-column elementor-col-50 elementor-top-column elementor-element elementor-element-f76cf05\" data-id=\"f76cf05\" data-element_type=\"column\" data-e-type=\"column\">\n\t\t\t<div class=\"elementor-widget-wrap elementor-element-populated\">\n\t\t\t\t\t\t<div class=\"elementor-element elementor-element-6fae56f elementor-widget elementor-widget-heading\" data-id=\"6fae56f\" data-element_type=\"widget\" data-e-type=\"widget\" data-widget_type=\"heading.default\">\n\t\t\t\t<div class=\"elementor-widget-container\">\n\t\t\t\t\t<h2 class=\"elementor-heading-title elementor-size-default\"><b><span style=\"font-size:12.0pt;line-height:107%;,serif\">Amina Ant\u00f3nio Braimo: Hist\u00f3ria de Impacto Humano na Produ\u00e7\u00e3o de Cebolas<\/span><\/b><span style=\"font-size:12.0pt;line-height:107%;,serif\">\n<!--[endif]--><\/span><\/h2>\t\t\t\t<\/div>\n\t\t\t\t<\/div>\n\t\t\t\t<div class=\"elementor-element elementor-element-cef9f09 elementor-widget elementor-widget-heading\" data-id=\"cef9f09\" data-element_type=\"widget\" data-e-type=\"widget\" data-widget_type=\"heading.default\">\n\t\t\t\t<div class=\"elementor-widget-container\">\n\t\t\t\t\t<h2 class=\"elementor-heading-title elementor-size-default\"><p style=\"text-align:justify;line-height:150%\"><span style=\"font-size:12.0pt;line-height:150%;,serif\">Amina Ant\u00f3nio Braimo, de 31 anos, nasceu no distrito de Mogincual e \u00e9 membro da Escola na Machamba do Campon\u00eas Ophavela Olipa. O seu agregado familiar \u00e9 composto por oito membros. \u00c9 m\u00e3e de quatro filhos e casada com um pescador.<\/span><\/p><p style=\"text-align:justify;line-height:150%\"><span style=\"font-size:12.0pt;line-height:150%;,serif\">A sua hist\u00f3ria de impacto centra-se na produ\u00e7\u00e3o de cebolas. Tal como muitos outros benefici\u00e1rios, Amina Ant\u00f3nio Braimo est\u00e1 a participar num projecto de desenvolvimento pela primeira vez. No \u00e2mbito do projecto Wilipihera, Amina tem participado activamente nas actividades agr\u00edcolas realizadas desde Mar\u00e7o na comunidade de Namiepe, no distrito de Mogincual.<\/span><\/p><p style=\"text-align:justify;line-height:150%\"><br><\/p><\/h2>\t\t\t\t<\/div>\n\t\t\t\t<\/div>\n\t\t\t\t\t<\/div>\n\t\t<\/div>\n\t\t\t\t\t<\/div>\n\t\t<\/section>\n\t\t\t\t<section class=\"elementor-section elementor-top-section elementor-element elementor-element-4d227b1 elementor-section-boxed elementor-section-height-default elementor-section-height-default\" data-id=\"4d227b1\" data-element_type=\"section\" data-e-type=\"section\">\n\t\t\t\t\t\t<div class=\"elementor-container elementor-column-gap-default\">\n\t\t\t\t\t<div class=\"elementor-column elementor-col-100 elementor-top-column elementor-element elementor-element-c2aceaa\" data-id=\"c2aceaa\" data-element_type=\"column\" data-e-type=\"column\">\n\t\t\t<div class=\"elementor-widget-wrap elementor-element-populated\">\n\t\t\t\t\t\t<section class=\"elementor-section elementor-inner-section elementor-element elementor-element-8c51b32 elementor-section-boxed elementor-section-height-default elementor-section-height-default\" data-id=\"8c51b32\" data-element_type=\"section\" data-e-type=\"section\">\n\t\t\t\t\t\t<div class=\"elementor-container elementor-column-gap-default\">\n\t\t\t\t\t<div class=\"elementor-column elementor-col-50 elementor-inner-column elementor-element elementor-element-b97fb2a\" data-id=\"b97fb2a\" data-element_type=\"column\" data-e-type=\"column\">\n\t\t\t<div class=\"elementor-widget-wrap elementor-element-populated\">\n\t\t\t\t\t\t<div class=\"elementor-element elementor-element-aba77da elementor-widget elementor-widget-heading\" data-id=\"aba77da\" data-element_type=\"widget\" data-e-type=\"widget\" data-widget_type=\"heading.default\">\n\t\t\t\t<div class=\"elementor-widget-container\">\n\t\t\t\t\t<h2 class=\"elementor-heading-title elementor-size-default\"><h2 data-elementor-setting-key=\"title\" data-pen-placeholder=\"Type Here...\" style=\", Helvetica, Arial;font-size: 1px\"><p style=\"text-align: justify;line-height: 1.5px\"><span style=\", serif;font-size: 12pt;color: var( --e-global-color-primary )\">\"Quando come\u00e7\u00e1mos a trabalhar aqui no grupo, fomos informados <\/span><\/p><br><p style=\"text-align: justify;line-height: 1.5px\"><span style=\", serif;font-size: 12pt;color: var( --e-global-color-primary )\">de que \u00edamos produzir cebolas, tomates e couve. Eu tinha alguma <\/span><\/p><br><p style=\"text-align: justify;line-height: 1.5px\"><span style=\", serif;font-size: 12pt;color: var( --e-global-color-primary )\">experi\u00eancia no cultivo de tomates e couve, mas n\u00e3o tinha qualquer <\/span><\/p><br><p style=\"text-align: justify;line-height: 1.5px\"><span style=\", serif;font-size: 12pt;color: var( --e-global-color-primary )\">experi\u00eancia na produ\u00e7\u00e3o de cebolas\", explicou Amina.<\/span><\/p><br><br><br><br><br><br><p style=\"text-align: justify;line-height: 1.5px\"><span style=\", serif;font-size: 12pt;color: var( --e-global-color-primary );font-weight: var( --e-global-typography-primary-font-weight )\">Desde a inf\u00e2ncia, as cebolas eram um produto que a sua fam\u00edlia <\/span><\/p><br><p style=\"text-align: justify;line-height: 1.5px\"><span style=\"color: var( --e-global-color-primary );, serif;font-size: 12pt;font-weight: var( --e-global-typography-primary-font-weight )\">comprava no mercado para consumo. Para Amina, o projecto  <\/span><\/p><br><p style=\"text-align: justify;line-height: 1.5px\"><span style=\", serif;font-size: 12pt;color: var( --e-global-color-primary );font-weight: var( --e-global-typography-primary-font-weight )\">Wilipihera foi a melhor oportunidade para aprender e adquirir <\/span><\/p><br><p style=\"text-align: justify;line-height: 1.5px\"><span style=\"color: var( --e-global-color-primary );, serif;font-size: 12pt;font-weight: var( --e-global-typography-primary-font-weight )\">conhecimentos sobre o cultivo de cebolas, tanto para consumo <\/span><\/p><br><p style=\"text-align: justify;line-height: 1.5px\"><span style=\"color: var( --e-global-color-primary );, serif;font-size: 12pt;font-weight: var( --e-global-typography-primary-font-weight )\">como para venda.<\/span><\/p><p style=\"text-align: justify;line-height: 1.5px\"><span style=\"font-size: 12pt;line-height: 24px;, serif\">\u201cNa EMC, aprendemos que as cebolas s\u00e3o produzidas da\nseguinte forma:\na) O local onde a semente ser\u00e1 semeada \u00e9 preparado (alfobre);<br>b) Uma vez germinada e desenvolvida, \u00e9 transplantada para uma cama (campo definitivo), que tamb\u00e9m deve ser preparada com anteced\u00eancia;<br>c) A cama deve ser coberta com erva para evitar que o sol incida directamente sobre ela;<br>d) Deve ser sempre regada para garantir o seu desenvolvimento\", explicou Amina.<\/span><\/p><\/h2><\/h2>\t\t\t\t<\/div>\n\t\t\t\t<\/div>\n\t\t\t\t\t<\/div>\n\t\t<\/div>\n\t\t\t\t<div class=\"elementor-column elementor-col-50 elementor-inner-column elementor-element elementor-element-994ea9b\" data-id=\"994ea9b\" data-element_type=\"column\" data-e-type=\"column\">\n\t\t\t<div class=\"elementor-widget-wrap elementor-element-populated\">\n\t\t\t\t\t\t<div class=\"elementor-element elementor-element-fe5c36c elementor-widget elementor-widget-heading\" data-id=\"fe5c36c\" data-element_type=\"widget\" data-e-type=\"widget\" data-widget_type=\"heading.default\">\n\t\t\t\t<div class=\"elementor-widget-container\">\n\t\t\t\t\t<h2 class=\"elementor-heading-title elementor-size-default\"><h2 class=\"elementor-heading-title elementor-size-default elementor-inline-editing pen\" data-elementor-setting-key=\"title\" data-pen-placeholder=\"Type Here...\" style=\", Helvetica, Arial;font-weight: 400;font-size: 1px\"><p style=\"text-align: justify;line-height: 1.5px\"><span style=\"font-size: 12pt;line-height: 24px;, serif\">Agora, Amina percebe que o cultivo de cebolas \u00e9 muito mais f\u00e1cil em compara\u00e7\u00e3o com outras culturas. Embora o processo de colheita\nainda esteja em curso, o grupo dela conseguiu obter as seguintes quantidades:<\/span><\/p>\n\n<ul type=\"disc\" style=\"font-size: 1px\">\n <li style=\"font-size: 1px;text-align: justify;line-height: 1.5px\"><span style=\"font-size: 12pt;line-height: 24px;, serif\">65 Kg de couve;<\/span><\/li>\n <li style=\"font-size: 1px;text-align: justify;line-height: 1.5px\"><span style=\"font-size: 12pt;line-height: 24px;, serif\">160 Kg de tomate;<\/span><\/li>\n <li style=\"font-size: 1px;text-align: justify;line-height: 1.5px\"><span style=\"font-size: 12pt;line-height: 24px;, serif\">55 Kg de cebolas.<\/span><\/li>\n<\/ul>\n\n<p style=\"text-align: justify;line-height: 1.5px\"><span style=\"font-size: 12pt;line-height: 24px;, serif\">Parte da colheita est\u00e1 a ser utilizada para consumo e a outra parte para venda. Com as vendas, o grupo conseguiu arrecadar:<\/span><\/p>\n\n<ul type=\"disc\" style=\"font-size: 1px\">\n <li style=\"font-size: 1px;text-align: justify;line-height: 1.5px\"><span style=\"font-size: 12pt;line-height: 24px;, serif\">760 MZN (11 EUR) da couve;<\/span><\/li>\n <li style=\"font-size: 1px;text-align: justify;line-height: 1.5px\"><span style=\"font-size: 12pt;line-height: 24px;, serif\">2.875 MZN (41,8 EUR) do tomate;<\/span><\/li>\n <li style=\"font-size: 1px;text-align: justify;line-height: 1.5px\"><span style=\"font-size: 12pt;line-height: 24px;, serif\">1.350 MZN (19,6 EUR) das cebolas.<\/span><\/li>\n<\/ul>\n\n<br><br><br><br><br><p style=\"text-align: justify;line-height: 1.5px\"><span style=\"font-size: 12pt;line-height: 24px;, serif\">O grupo tamb\u00e9m come\u00e7ou a fazer poupan\u00e7as.<\/span><\/p>\n\n<p style=\"text-align: justify;line-height: 1.5px\"><span style=\"font-size: 12pt;line-height: 24px;, serif\">\u201cA partir de agora, j\u00e1 n\u00e3o vou comprar cebolas no mercado para usar na minha cozinha. Por outro lado, estou a preparar-me para o\ncultivo de cebolas em grande escala, para que possa ter grandes quantidades tanto para a nutri\u00e7\u00e3o da minha fam\u00edlia como para vender no mercado. As cebolas tamb\u00e9m t\u00eam um rendimento elevado\u201d, revelou Amina, radiante.<\/span><\/p><\/h2><\/h2>\t\t\t\t<\/div>\n\t\t\t\t<\/div>\n\t\t\t\t\t<\/div>\n\t\t<\/div>\n\t\t\t\t\t<\/div>\n\t\t<\/section>\n\t\t\t\t\t<\/div>\n\t\t<\/div>\n\t\t\t\t\t<\/div>\n\t\t<\/section>\n\t\t\t\t<\/div>\n\t\t","protected":false},"excerpt":{"rendered":"<p>REALIZA\u00c7\u00d5ES DO WILIPIHERA QUE NOS ENCHEM DE ORGULHO! \u00c0 luz das abordagens de Adapta\u00e7\u00e3o Baseada em Ecossistemas e Solu\u00e7\u00f5es Baseadas na Natureza, a equipa de implementa\u00e7\u00e3o do Wilipihera est\u00e1 a integrar a agricultura de conserva\u00e7\u00e3o para apoiar a adapta\u00e7\u00e3o das comunidades \u00e0s mudan\u00e7as clim\u00e1ticas. A abordagem utilizada no projecto \u00e9 a Escola na Machamba do [&hellip;]<\/p>\n","protected":false},"author":12,"featured_media":20330,"comment_status":"open","ping_status":"open","sticky":false,"template":"elementor_header_footer","format":"standard","meta":{"footnotes":""},"categories":[297],"tags":[],"class_list":["post-20339","post","type-post","status-publish","format-standard","has-post-thumbnail","hentry","category-wilipihera"],"_links":{"self":[{"href":"https:\/\/adramozambique.org\/en\/wp-json\/wp\/v2\/posts\/20339","targetHints":{"allow":["GET"]}}],"collection":[{"href":"https:\/\/adramozambique.org\/en\/wp-json\/wp\/v2\/posts"}],"about":[{"href":"https:\/\/adramozambique.org\/en\/wp-json\/wp\/v2\/types\/post"}],"author":[{"embeddable":true,"href":"https:\/\/adramozambique.org\/en\/wp-json\/wp\/v2\/users\/12"}],"replies":[{"embeddable":true,"href":"https:\/\/adramozambique.org\/en\/wp-json\/wp\/v2\/comments?post=20339"}],"version-history":[{"count":9,"href":"https:\/\/adramozambique.org\/en\/wp-json\/wp\/v2\/posts\/20339\/revisions"}],"predecessor-version":[{"id":20363,"href":"https:\/\/adramozambique.org\/en\/wp-json\/wp\/v2\/posts\/20339\/revisions\/20363"}],"wp:featuredmedia":[{"embeddable":true,"href":"https:\/\/adramozambique.org\/en\/wp-json\/wp\/v2\/media\/20330"}],"wp:attachment":[{"href":"https:\/\/adramozambique.org\/en\/wp-json\/wp\/v2\/media?parent=20339"}],"wp:term":[{"taxonomy":"category","embeddable":true,"href":"https:\/\/adramozambique.org\/en\/wp-json\/wp\/v2\/categories?post=20339"},{"taxonomy":"post_tag","embeddable":true,"href":"https:\/\/adramozambique.org\/en\/wp-json\/wp\/v2\/tags?post=20339"}],"curies":[{"name":"wp","href":"https:\/\/api.w.org\/{rel}","templated":true}]}}